{"id":587354,"date":"2025-02-11T12:41:26","date_gmt":"2025-02-11T11:41:26","guid":{"rendered":"https:\/\/mediafocus.ch\/publication\/marche-publicitaire-d-a-ch-2024\/"},"modified":"2025-02-11T12:41:26","modified_gmt":"2025-02-11T11:41:26","slug":"marche-publicitaire-d-a-ch-2024","status":"publish","type":"wbk_post_entry","link":"https:\/\/mediafocus.ch\/fr\/publication\/marche-publicitaire-d-a-ch-2024\/","title":{"rendered":"March\u00e9 publicitaire D-A-CH 2024"},"content":{"rendered":"<div class=\"wp-block-group wbk-group-post-overhead-title-container-block is-nowrap is-layout-flex wp-block-group-is-layout-flex\"><div class=\"wp-block-post-date\"><time datetime=\"2025-02-11T12:41:26+01:00\" itemprop=\"datePublished\">11.02.2025<\/time><\/div><div class=\"wbk-category-list-block\"><\/div><\/div><h1 class=\"is-style-wbk-left-indentation-with-line wp-block-post-title\">March\u00e9 publicitaire D-A-CH 2024<\/h1><figure class=\"wp-block-image size-large\"><img decoding=\"async\" loading=\"lazy\" width=\"1024\" height=\"576\" src=\"https:\/\/werbekompass.ch\/wp-content\/uploads\/2025\/02\/D-A-CH-Werbetrend-2024-FR-1024x576.png\" alt=\"\" class=\"wp-image-193020\" \/><\/figure>\n<\/p>\n<h2 class=\"wp-block-heading\"><strong>R\u00e9sum\u00e9 de gestion \u2013 <\/strong>Tendance du march\u00e9 publicitaire<br \/>D-A-CH 2024<\/h2>\n<p class=\"is-style-wbk-left-indentation-with-line\"><strong>\u00c9volution de la tendance D-A-CH<\/strong><\/p>\n<p>La <strong>pression publicitaire brute pour la r\u00e9gion D-A-CH<\/strong> s&rsquo;\u00e9l\u00e8ve \u00e0 <strong>44.4 milliards d&rsquo;euros<\/strong> en 2024, ce qui repr\u00e9sente une <strong>augmentation de 4.4 %<\/strong> par rapport \u00e0 l&rsquo;ann\u00e9e pr\u00e9c\u00e9dente.<\/p>\n<ul class=\"wp-block-list\">\n<li><strong>L&rsquo;Allemagne<\/strong> est le principal moteur de cette croissance avec <strong>+5.0 %<\/strong>.<\/li>\n<li><strong>L&rsquo;Autriche<\/strong> enregistre une hausse de <strong>+4.9 %<\/strong>.<\/li>\n<li><strong>La Suisse<\/strong> reste quasi stable avec <strong>-0.6 %<\/strong>.<\/li>\n<\/ul>\n<p class=\"is-style-wbk-left-indentation-with-line\"><strong>Principales entreprises<\/strong><\/p>\n<p>Le paysage publicitaire continue d&rsquo;\u00eatre domin\u00e9 par les grandes entreprises FMCG et du commerce de d\u00e9tail :<\/p>\n<ul class=\"wp-block-list\">\n<li><strong>Procter &#038; Gamble<\/strong> reste l\u2019un des plus grands annonceurs dans les trois pays.<\/li>\n<li><strong>XXXLutz<\/strong> conserve sa position de leader en Autriche.<\/li>\n<li><strong>Henkel<\/strong> progresse significativement et atteint la 4e place en Allemagne et en Suisse.<\/li>\n<li>En Suisse, <strong>les d\u00e9taillants Coop et Migros restent les principaux annonceurs<\/strong>.<\/li>\n<li>En <strong>Allemagne<\/strong> et en <strong>Autriche<\/strong>, plusieurs d\u00e9taillants figurent \u00e9galement parmi les 5 premiers.<\/li>\n<\/ul>\n<p class=\"is-style-wbk-left-indentation-with-line\"><strong>Mix<\/strong> <strong>m\u00e9dia<\/strong><\/p>\n<p>Le mix m\u00e9dia r\u00e9v\u00e8le une dynamique claire :<\/p>\n<ul class=\"wp-block-list\">\n<li><strong>La t\u00e9l\u00e9vision<\/strong> <strong>reste globalement le m\u00e9dia dominant<\/strong>.<\/li>\n<li><strong>L\u2019Out of Home<\/strong> <strong>conna\u00eet la plus forte croissance (+10.8 %)<\/strong> et devient de plus en plus pertinent.<\/li>\n<li><strong>La publicit\u00e9 display<\/strong> <strong>progresse \u00e9galement de mani\u00e8re significative (+6.1 %)<\/strong>.<\/li>\n<li><strong>La presse \u00e9crite<\/strong> <strong>recule fortement en Suisse (-5.5 %) mais progresse l\u00e9g\u00e8rement en Allemagne (+1.2 %) et en Autriche (+1.0 %)<\/strong>.<\/li>\n<\/ul>\n<p class=\"is-style-wbk-left-indentation-with-line\"><strong>Pression publicitaire par habitant<\/strong><\/p>\n<ul class=\"wp-block-list\">\n<li><strong>L&rsquo;Allemagne<\/strong> reste le pays avec les d\u00e9penses publicitaires par habitant les plus faibles : <strong>428 euros<\/strong>.<\/li>\n<li><strong>L\u2019Autriche<\/strong> atteint <strong>467 euros<\/strong>.<\/li>\n<li>La <strong>Suisse<\/strong> est en t\u00eate avec <strong>505 euros<\/strong> par habitant.<\/li>\n<\/ul>\n<p class=\"is-style-wbk-left-indentation-with-line\"><strong>Conclusion<\/strong><\/p>\n<p>Le march\u00e9 publicitaire de la <strong>r\u00e9gion D-A-CH<\/strong> affiche une croissance globale de 4.4 % en 2024, port\u00e9e par la <strong>publicit\u00e9 en ligne et l\u2019Out of Home<\/strong>.<\/p>\n<p><strong>L&rsquo;Allemagne<\/strong> et <strong>l&rsquo;Autriche<\/strong> connaissent une croissance similaire. La <strong>t\u00e9l\u00e9vision<\/strong> reste particuli\u00e8rement dominante en <strong>Allemagne<\/strong>. La <strong>Suisse<\/strong> est l\u00e9g\u00e8rement en baisse (-0.6 %), en raison du recul continu de la <strong>publicit\u00e9 imprim\u00e9e<\/strong>.<\/p>\n<p>Retrouvez plus de d\u00e9tails dans la publication compl\u00e8te !<\/p>\n<div class=\"wp-block-buttons is-layout-flex wp-block-buttons-is-layout-flex\">\n<div class=\"wp-block-button\"><a class=\"wp-block-button__link wp-element-button\" href=\"https:\/\/werbekompass.ch\/wp-content\/uploads\/2025\/03\/D-A-CH-Werbetrend-2024-FR.pdf\" target=\"_blank\" rel=\"noreferrer noopener\">Lire l&rsquo;\u00e9tude D-A-CH en entier<\/a><\/div>\n<\/div>\n","protected":false},"excerpt":{"rendered":"<p>11.02.2025March\u00e9 publicitaire D-A-CH 2024 R\u00e9sum\u00e9 de gestion \u2013 Tendance du march\u00e9 publicitaireD-A-CH 2024 \u00c9volution de la tendance D-A-CH La pression publicitaire brute pour la r\u00e9gion D-A-CH s&rsquo;\u00e9l\u00e8ve \u00e0 44.4 milliards d&rsquo;euros en 2024, ce qui repr\u00e9sente une augmentation de 4.4 % par rapport \u00e0 l&rsquo;ann\u00e9e pr\u00e9c\u00e9dente. L&rsquo;Allemagne est le principal moteur de cette croissance avec [&hellip;]<\/p>\n","protected":false},"author":0,"featured_media":0,"comment_status":"open","ping_status":"closed","template":"","format":"standard","meta":{"_acf_changed":false,"footnotes":""},"wbk_post_entry_category":[165],"wbk_post_entry_tag":[],"class_list":["post-587354","wbk_post_entry","type-wbk_post_entry","status-publish","format-standard","hentry","wbk_post_entry_category-etudes"],"acf":[],"yoast_head":"<!-- This site is optimized with the Yoast SEO plugin v27.5 - https:\/\/yoast.com\/product\/yoast-seo-wordpress\/ -->\n<title>March\u00e9 publicitaire D-A-CH 2024 - Media Focus<\/title>\n<meta name=\"robots\" content=\"index, follow, max-snippet:-1, max-image-preview:large, max-video-preview:-1\" \/>\n<link rel=\"canonical\" href=\"https:\/\/mediafocus.ch\/fr\/publication\/marche-publicitaire-d-a-ch-2024\/\" \/>\n<meta property=\"og:locale\" content=\"fr_FR\" \/>\n<meta property=\"og:type\" content=\"article\" \/>\n<meta property=\"og:title\" content=\"March\u00e9 publicitaire D-A-CH 2024 - Media Focus\" \/>\n<meta property=\"og:description\" content=\"11.02.2025March\u00e9 publicitaire D-A-CH 2024 R\u00e9sum\u00e9 de gestion \u2013 Tendance du march\u00e9 publicitaireD-A-CH 2024 \u00c9volution de la tendance D-A-CH La pression publicitaire brute pour la r\u00e9gion D-A-CH s&rsquo;\u00e9l\u00e8ve \u00e0 44.4 milliards d&rsquo;euros en 2024, ce qui repr\u00e9sente une augmentation de 4.4 % par rapport \u00e0 l&rsquo;ann\u00e9e pr\u00e9c\u00e9dente. L&rsquo;Allemagne est le principal moteur de cette croissance avec [&hellip;]\" \/>\n<meta property=\"og:url\" content=\"https:\/\/mediafocus.ch\/fr\/publication\/marche-publicitaire-d-a-ch-2024\/\" \/>\n<meta property=\"og:site_name\" content=\"Media Focus\" \/>\n<meta property=\"og:image\" content=\"https:\/\/mediafocus.ch\/wp-content\/uploads\/2024\/10\/QuickGuide-WizzAd_DE-2-1-1-2-1-2-2-2-1-2-2-2-1-2-1-2-4-1-2-2-1-2-4-1-1-2-1-2-1.png\" \/>\n\t<meta property=\"og:image:width\" content=\"1388\" \/>\n\t<meta property=\"og:image:height\" content=\"774\" \/>\n\t<meta property=\"og:image:type\" content=\"image\/png\" \/>\n<meta name=\"twitter:card\" content=\"summary_large_image\" \/>\n<meta name=\"twitter:label1\" content=\"Dur\u00e9e de lecture estim\u00e9e\" \/>\n\t<meta name=\"twitter:data1\" content=\"2 minutes\" \/>\n<script type=\"application\/ld+json\" class=\"yoast-schema-graph\">{\"@context\":\"https:\\\/\\\/schema.org\",\"@graph\":[{\"@type\":\"WebPage\",\"@id\":\"https:\\\/\\\/mediafocus.ch\\\/fr\\\/publication\\\/marche-publicitaire-d-a-ch-2024\\\/\",\"url\":\"https:\\\/\\\/mediafocus.ch\\\/fr\\\/publication\\\/marche-publicitaire-d-a-ch-2024\\\/\",\"name\":\"March\u00e9 publicitaire D-A-CH 2024 - Media Focus\",\"isPartOf\":{\"@id\":\"https:\\\/\\\/mediafocus.ch\\\/fr\\\/#website\"},\"primaryImageOfPage\":{\"@id\":\"https:\\\/\\\/mediafocus.ch\\\/fr\\\/publication\\\/marche-publicitaire-d-a-ch-2024\\\/#primaryimage\"},\"image\":{\"@id\":\"https:\\\/\\\/mediafocus.ch\\\/fr\\\/publication\\\/marche-publicitaire-d-a-ch-2024\\\/#primaryimage\"},\"thumbnailUrl\":\"https:\\\/\\\/werbekompass.ch\\\/wp-content\\\/uploads\\\/2025\\\/02\\\/D-A-CH-Werbetrend-2024-FR-1024x576.png\",\"datePublished\":\"2025-02-11T11:41:26+00:00\",\"breadcrumb\":{\"@id\":\"https:\\\/\\\/mediafocus.ch\\\/fr\\\/publication\\\/marche-publicitaire-d-a-ch-2024\\\/#breadcrumb\"},\"inLanguage\":\"fr-FR\",\"potentialAction\":[{\"@type\":\"ReadAction\",\"target\":[\"https:\\\/\\\/mediafocus.ch\\\/fr\\\/publication\\\/marche-publicitaire-d-a-ch-2024\\\/\"]}]},{\"@type\":\"ImageObject\",\"inLanguage\":\"fr-FR\",\"@id\":\"https:\\\/\\\/mediafocus.ch\\\/fr\\\/publication\\\/marche-publicitaire-d-a-ch-2024\\\/#primaryimage\",\"url\":\"https:\\\/\\\/werbekompass.ch\\\/wp-content\\\/uploads\\\/2025\\\/02\\\/D-A-CH-Werbetrend-2024-FR-1024x576.png\",\"contentUrl\":\"https:\\\/\\\/werbekompass.ch\\\/wp-content\\\/uploads\\\/2025\\\/02\\\/D-A-CH-Werbetrend-2024-FR-1024x576.png\"},{\"@type\":\"BreadcrumbList\",\"@id\":\"https:\\\/\\\/mediafocus.ch\\\/fr\\\/publication\\\/marche-publicitaire-d-a-ch-2024\\\/#breadcrumb\",\"itemListElement\":[{\"@type\":\"ListItem\",\"position\":1,\"name\":\"Home\",\"item\":\"https:\\\/\\\/mediafocus.ch\\\/fr\\\/\"},{\"@type\":\"ListItem\",\"position\":2,\"name\":\"March\u00e9 publicitaire D-A-CH 2024\"}]},{\"@type\":\"WebSite\",\"@id\":\"https:\\\/\\\/mediafocus.ch\\\/fr\\\/#website\",\"url\":\"https:\\\/\\\/mediafocus.ch\\\/fr\\\/\",\"name\":\"Media Focus\",\"description\":\"Data driven insights\",\"publisher\":{\"@id\":\"https:\\\/\\\/mediafocus.ch\\\/fr\\\/#organization\"},\"potentialAction\":[{\"@type\":\"SearchAction\",\"target\":{\"@type\":\"EntryPoint\",\"urlTemplate\":\"https:\\\/\\\/mediafocus.ch\\\/fr\\\/?s={search_term_string}\"},\"query-input\":{\"@type\":\"PropertyValueSpecification\",\"valueRequired\":true,\"valueName\":\"search_term_string\"}}],\"inLanguage\":\"fr-FR\"},{\"@type\":\"Organization\",\"@id\":\"https:\\\/\\\/mediafocus.ch\\\/fr\\\/#organization\",\"name\":\"Media Focus\",\"url\":\"https:\\\/\\\/mediafocus.ch\\\/fr\\\/\",\"logo\":{\"@type\":\"ImageObject\",\"inLanguage\":\"fr-FR\",\"@id\":\"https:\\\/\\\/mediafocus.ch\\\/fr\\\/#\\\/schema\\\/logo\\\/image\\\/\",\"url\":\"https:\\\/\\\/mediafocus.ch\\\/wp-content\\\/uploads\\\/2022\\\/05\\\/media-focus-logo-mit-claim.svg\",\"contentUrl\":\"https:\\\/\\\/mediafocus.ch\\\/wp-content\\\/uploads\\\/2022\\\/05\\\/media-focus-logo-mit-claim.svg\",\"caption\":\"Media Focus\"},\"image\":{\"@id\":\"https:\\\/\\\/mediafocus.ch\\\/fr\\\/#\\\/schema\\\/logo\\\/image\\\/\"}}]}<\/script>\n<!-- \/ Yoast SEO plugin. -->","yoast_head_json":{"title":"March\u00e9 publicitaire D-A-CH 2024 - Media Focus","robots":{"index":"index","follow":"follow","max-snippet":"max-snippet:-1","max-image-preview":"max-image-preview:large","max-video-preview":"max-video-preview:-1"},"canonical":"https:\/\/mediafocus.ch\/fr\/publication\/marche-publicitaire-d-a-ch-2024\/","og_locale":"fr_FR","og_type":"article","og_title":"March\u00e9 publicitaire D-A-CH 2024 - Media Focus","og_description":"11.02.2025March\u00e9 publicitaire D-A-CH 2024 R\u00e9sum\u00e9 de gestion \u2013 Tendance du march\u00e9 publicitaireD-A-CH 2024 \u00c9volution de la tendance D-A-CH La pression publicitaire brute pour la r\u00e9gion D-A-CH s&rsquo;\u00e9l\u00e8ve \u00e0 44.4 milliards d&rsquo;euros en 2024, ce qui repr\u00e9sente une augmentation de 4.4 % par rapport \u00e0 l&rsquo;ann\u00e9e pr\u00e9c\u00e9dente. L&rsquo;Allemagne est le principal moteur de cette croissance avec [&hellip;]","og_url":"https:\/\/mediafocus.ch\/fr\/publication\/marche-publicitaire-d-a-ch-2024\/","og_site_name":"Media Focus","og_image":[{"width":1388,"height":774,"url":"https:\/\/mediafocus.ch\/wp-content\/uploads\/2024\/10\/QuickGuide-WizzAd_DE-2-1-1-2-1-2-2-2-1-2-2-2-1-2-1-2-4-1-2-2-1-2-4-1-1-2-1-2-1.png","type":"image\/png"}],"twitter_card":"summary_large_image","twitter_misc":{"Dur\u00e9e de lecture estim\u00e9e":"2 minutes"},"schema":{"@context":"https:\/\/schema.org","@graph":[{"@type":"WebPage","@id":"https:\/\/mediafocus.ch\/fr\/publication\/marche-publicitaire-d-a-ch-2024\/","url":"https:\/\/mediafocus.ch\/fr\/publication\/marche-publicitaire-d-a-ch-2024\/","name":"March\u00e9 publicitaire D-A-CH 2024 - Media Focus","isPartOf":{"@id":"https:\/\/mediafocus.ch\/fr\/#website"},"primaryImageOfPage":{"@id":"https:\/\/mediafocus.ch\/fr\/publication\/marche-publicitaire-d-a-ch-2024\/#primaryimage"},"image":{"@id":"https:\/\/mediafocus.ch\/fr\/publication\/marche-publicitaire-d-a-ch-2024\/#primaryimage"},"thumbnailUrl":"https:\/\/werbekompass.ch\/wp-content\/uploads\/2025\/02\/D-A-CH-Werbetrend-2024-FR-1024x576.png","datePublished":"2025-02-11T11:41:26+00:00","breadcrumb":{"@id":"https:\/\/mediafocus.ch\/fr\/publication\/marche-publicitaire-d-a-ch-2024\/#breadcrumb"},"inLanguage":"fr-FR","potentialAction":[{"@type":"ReadAction","target":["https:\/\/mediafocus.ch\/fr\/publication\/marche-publicitaire-d-a-ch-2024\/"]}]},{"@type":"ImageObject","inLanguage":"fr-FR","@id":"https:\/\/mediafocus.ch\/fr\/publication\/marche-publicitaire-d-a-ch-2024\/#primaryimage","url":"https:\/\/werbekompass.ch\/wp-content\/uploads\/2025\/02\/D-A-CH-Werbetrend-2024-FR-1024x576.png","contentUrl":"https:\/\/werbekompass.ch\/wp-content\/uploads\/2025\/02\/D-A-CH-Werbetrend-2024-FR-1024x576.png"},{"@type":"BreadcrumbList","@id":"https:\/\/mediafocus.ch\/fr\/publication\/marche-publicitaire-d-a-ch-2024\/#breadcrumb","itemListElement":[{"@type":"ListItem","position":1,"name":"Home","item":"https:\/\/mediafocus.ch\/fr\/"},{"@type":"ListItem","position":2,"name":"March\u00e9 publicitaire D-A-CH 2024"}]},{"@type":"WebSite","@id":"https:\/\/mediafocus.ch\/fr\/#website","url":"https:\/\/mediafocus.ch\/fr\/","name":"Media Focus","description":"Data driven insights","publisher":{"@id":"https:\/\/mediafocus.ch\/fr\/#organization"},"potentialAction":[{"@type":"SearchAction","target":{"@type":"EntryPoint","urlTemplate":"https:\/\/mediafocus.ch\/fr\/?s={search_term_string}"},"query-input":{"@type":"PropertyValueSpecification","valueRequired":true,"valueName":"search_term_string"}}],"inLanguage":"fr-FR"},{"@type":"Organization","@id":"https:\/\/mediafocus.ch\/fr\/#organization","name":"Media Focus","url":"https:\/\/mediafocus.ch\/fr\/","logo":{"@type":"ImageObject","inLanguage":"fr-FR","@id":"https:\/\/mediafocus.ch\/fr\/#\/schema\/logo\/image\/","url":"https:\/\/mediafocus.ch\/wp-content\/uploads\/2022\/05\/media-focus-logo-mit-claim.svg","contentUrl":"https:\/\/mediafocus.ch\/wp-content\/uploads\/2022\/05\/media-focus-logo-mit-claim.svg","caption":"Media Focus"},"image":{"@id":"https:\/\/mediafocus.ch\/fr\/#\/schema\/logo\/image\/"}}]}},"_links":{"self":[{"href":"https:\/\/mediafocus.ch\/fr\/wp-json\/wp\/v2\/wbk_post_entry\/587354","targetHints":{"allow":["GET"]}}],"collection":[{"href":"https:\/\/mediafocus.ch\/fr\/wp-json\/wp\/v2\/wbk_post_entry"}],"about":[{"href":"https:\/\/mediafocus.ch\/fr\/wp-json\/wp\/v2\/types\/wbk_post_entry"}],"replies":[{"embeddable":true,"href":"https:\/\/mediafocus.ch\/fr\/wp-json\/wp\/v2\/comments?post=587354"}],"version-history":[{"count":0,"href":"https:\/\/mediafocus.ch\/fr\/wp-json\/wp\/v2\/wbk_post_entry\/587354\/revisions"}],"wp:attachment":[{"href":"https:\/\/mediafocus.ch\/fr\/wp-json\/wp\/v2\/media?parent=587354"}],"wp:term":[{"taxonomy":"wbk_post_entry_category","embeddable":true,"href":"https:\/\/mediafocus.ch\/fr\/wp-json\/wp\/v2\/wbk_post_entry_category?post=587354"},{"taxonomy":"wbk_post_entry_tag","embeddable":true,"href":"https:\/\/mediafocus.ch\/fr\/wp-json\/wp\/v2\/wbk_post_entry_tag?post=587354"}],"curies":[{"name":"wp","href":"https:\/\/api.w.org\/{rel}","templated":true}]}}