{"id":588145,"date":"2026-03-06T08:11:22","date_gmt":"2026-03-06T07:11:22","guid":{"rendered":"https:\/\/mediafocus.ch\/publication\/marche-publicitaire-d-a-ch-2025\/"},"modified":"2026-03-06T08:11:22","modified_gmt":"2026-03-06T07:11:22","slug":"marche-publicitaire-d-a-ch-2025","status":"publish","type":"wbk_post_entry","link":"https:\/\/mediafocus.ch\/fr\/publication\/marche-publicitaire-d-a-ch-2025\/","title":{"rendered":"March\u00e9 publicitaire D-A-CH 2025"},"content":{"rendered":"<div class=\"wp-block-group wbk-group-post-overhead-title-container-block is-nowrap is-layout-flex wp-block-group-is-layout-flex\"><div class=\"wp-block-post-date\"><time datetime=\"2026-03-06T08:11:22+01:00\" itemprop=\"datePublished\">06.03.2026<\/time><\/div><div class=\"wbk-category-list-block\"><\/div><\/div><h1 class=\"is-style-wbk-left-indentation-with-line wp-block-post-title\">March\u00e9 publicitaire D-A-CH 2025<\/h1><figure class=\"wp-block-image size-large\"><img decoding=\"async\" loading=\"lazy\" width=\"1024\" height=\"576\" src=\"https:\/\/werbekompass.ch\/wp-content\/uploads\/2026\/02\/FR-D-A-CH-Werbetrend-2025-Titelbild-1024x576.jpg\" alt=\"\" class=\"wp-image-195658\" \/><\/figure>\n<\/p>\n<h2 class=\"wp-block-heading\"><strong>R\u00e9sum\u00e9 \u2013 Tendances du march\u00e9 publicitaire D-A-CH 2025<\/strong><\/h2>\n<p class=\"is-style-wbk-left-indentation-with-line\"><strong>\u00c9volution des tendances D-A-CH<\/strong><\/p>\n<p>Pour l\u2019ann\u00e9e&nbsp;2025, la pression publicitaire brute dans la r\u00e9gion D-A-CH s\u2019\u00e9l\u00e8ve \u00e0 <strong>44.337&nbsp;milliards d\u2019euros<\/strong>, soit <strong>0.4% de moins que pour l\u2019ann\u00e9e pr\u00e9c\u00e9dente<\/strong>.<\/p>\n<ul class=\"wp-block-list\">\n<li>L\u2019<strong>Allemagne<\/strong> se maintient au niveau de l\u2019ann\u00e9e pr\u00e9c\u00e9dente.<\/li>\n<li>L\u2019<strong>Autriche<\/strong> enregistre un recul <strong>(-3.2%)<\/strong>.<\/li>\n<li>La <strong>Suisse<\/strong> enregistre \u00e9galement une baisse <strong>(-1.4%)<\/strong>.<\/li>\n<\/ul>\n<p class=\"is-style-wbk-left-indentation-with-line\"><strong>Meilleures entreprises<\/strong><\/p>\n<p>Le paysage publicitaire reste domin\u00e9 par les grandes entreprises de biens de grande consommation et de vente au d\u00e9tail :<\/p>\n<ul class=\"wp-block-list\">\n<li><strong>Procter &amp; Gamble<\/strong> reste l\u2019un des plus grands annonceurs en Allemagne et en Suisse.<\/li>\n<li><strong>XXXLutz <\/strong>confirme sa premi\u00e8re place en Autriche<\/li>\n<li><strong>Rewe <\/strong>progresse nettement et se hisse \u00e0 la 2<sup>e<\/sup>&nbsp;place en Allemagne.<\/li>\n<li><strong>Le march\u00e9 suisse<\/strong> est domin\u00e9 par les d\u00e9taillants, en particulier <strong>Coop et Migros.<\/strong><\/li>\n<li>En <strong>Allemagne<\/strong> et en <strong>Autriche<\/strong> \u00e9galement, plusieurs d\u00e9taillants figurent dans le top&nbsp;5.<\/li>\n<\/ul>\n<p class=\"is-style-wbk-left-indentation-with-line\"><strong>M<\/strong>ix m\u00e9dia<\/p>\n<p>Le mix m\u00e9dia affiche une dynamique claire :<\/p>\n<ul class=\"wp-block-list\">\n<li><strong>La <strong>t\u00e9l\u00e9vision reste en t\u00eate dans l\u2019ensemble<\/strong>, m\u00eame si la pression publicitaire diminue l\u00e9g\u00e8rement dans les trois pays<\/strong>.<\/li>\n<li><strong>L\u2019out-of-home est en hausse dans tous les pays et conna\u00eet la plus forte croissance (+7.5%)<\/strong>.<\/li>\n<li><strong>La <strong>presse est globalement relativement stable,<\/strong> <\/strong>soutenue par la croissance en Allemagne (+1.6%). En revanche, des baisses ont \u00e9t\u00e9 observ\u00e9es en Autriche (-5.5%) et en Suisse (-4.3%).<\/li>\n<li><strong>La radio est en recul en Suisse (-7.2%), l\u00e9g\u00e8rement en baisse en Autriche (-0.4%) et l\u00e9g\u00e8rement en hausse en Allemagne (+0.3%).<\/strong><\/li>\n<\/ul>\n<p class=\"is-style-wbk-left-indentation-with-line\">Conclusion<\/p>\n<p>En <strong>2025<\/strong>, le march\u00e9 publicitaire de la r\u00e9gion D-A-CH a globalement enregistr\u00e9 un l\u00e9ger <strong>recul de 0.4%<\/strong>. Seul l\u2019out-of-home conna\u00eet une \u00e9volution clairement positive dans tous les pays. L\u2019Allemagne reste fortement orient\u00e9e vers la t\u00e9l\u00e9vision, l\u2019Autriche conserve la part la plus \u00e9lev\u00e9e pour la presse, tandis que la Suisse affiche une r\u00e9partition comparativement \u00e9quilibr\u00e9e entre la t\u00e9l\u00e9vision et la presse.<\/p>\n<p>Vous trouverez des informations plus d\u00e9taill\u00e9es dans la publication compl\u00e8te !<\/p>\n<div class=\"wp-block-buttons is-layout-flex wp-block-buttons-is-layout-flex\">\n<div class=\"wp-block-button\"><a class=\"wp-block-button__link wp-element-button\" href=\"https:\/\/werbekompass.ch\/wp-content\/uploads\/2026\/03\/FR-D-A-CH-Werbetrend-2025.pdf\" target=\"_blank\" rel=\"noreferrer noopener\"><strong>Lire l&rsquo;\u00e9tude compl\u00e8te D-A-CH<\/strong><\/a><\/div>\n<\/div>\n","protected":false},"excerpt":{"rendered":"<p>06.03.2026March\u00e9 publicitaire D-A-CH 2025 R\u00e9sum\u00e9 \u2013 Tendances du march\u00e9 publicitaire D-A-CH 2025 \u00c9volution des tendances D-A-CH Pour l\u2019ann\u00e9e&nbsp;2025, la pression publicitaire brute dans la r\u00e9gion D-A-CH s\u2019\u00e9l\u00e8ve \u00e0 44.337&nbsp;milliards d\u2019euros, soit 0.4% de moins que pour l\u2019ann\u00e9e pr\u00e9c\u00e9dente. L\u2019Allemagne se maintient au niveau de l\u2019ann\u00e9e pr\u00e9c\u00e9dente. L\u2019Autriche enregistre un recul (-3.2%). La Suisse enregistre \u00e9galement [&hellip;]<\/p>\n","protected":false},"author":0,"featured_media":0,"comment_status":"open","ping_status":"closed","template":"","format":"standard","meta":{"_acf_changed":false,"footnotes":""},"wbk_post_entry_category":[165],"wbk_post_entry_tag":[],"class_list":["post-588145","wbk_post_entry","type-wbk_post_entry","status-publish","format-standard","hentry","wbk_post_entry_category-etudes"],"acf":[],"yoast_head":"<!-- This site is optimized with the Yoast SEO plugin v27.5 - https:\/\/yoast.com\/product\/yoast-seo-wordpress\/ -->\n<title>March\u00e9 publicitaire D-A-CH 2025 - Media Focus<\/title>\n<meta name=\"robots\" content=\"index, follow, max-snippet:-1, max-image-preview:large, max-video-preview:-1\" \/>\n<link rel=\"canonical\" href=\"https:\/\/mediafocus.ch\/fr\/publication\/marche-publicitaire-d-a-ch-2025\/\" \/>\n<meta property=\"og:locale\" content=\"fr_FR\" \/>\n<meta property=\"og:type\" content=\"article\" \/>\n<meta property=\"og:title\" content=\"March\u00e9 publicitaire D-A-CH 2025 - Media Focus\" \/>\n<meta property=\"og:description\" content=\"06.03.2026March\u00e9 publicitaire D-A-CH 2025 R\u00e9sum\u00e9 \u2013 Tendances du march\u00e9 publicitaire D-A-CH 2025 \u00c9volution des tendances D-A-CH Pour l\u2019ann\u00e9e&nbsp;2025, la pression publicitaire brute dans la r\u00e9gion D-A-CH s\u2019\u00e9l\u00e8ve \u00e0 44.337&nbsp;milliards d\u2019euros, soit 0.4% de moins que pour l\u2019ann\u00e9e pr\u00e9c\u00e9dente. L\u2019Allemagne se maintient au niveau de l\u2019ann\u00e9e pr\u00e9c\u00e9dente. L\u2019Autriche enregistre un recul (-3.2%). La Suisse enregistre \u00e9galement [&hellip;]\" \/>\n<meta property=\"og:url\" content=\"https:\/\/mediafocus.ch\/fr\/publication\/marche-publicitaire-d-a-ch-2025\/\" \/>\n<meta property=\"og:site_name\" content=\"Media Focus\" \/>\n<meta property=\"og:image\" content=\"https:\/\/mediafocus.ch\/wp-content\/uploads\/2024\/10\/DE-Werbemarkttrend-Mai-2024-Mediamix-digital-1-3-2.png\" \/>\n\t<meta property=\"og:image:width\" content=\"455\" \/>\n\t<meta property=\"og:image:height\" content=\"359\" \/>\n\t<meta property=\"og:image:type\" content=\"image\/png\" \/>\n<meta name=\"twitter:card\" content=\"summary_large_image\" \/>\n<meta name=\"twitter:label1\" content=\"Dur\u00e9e de lecture estim\u00e9e\" \/>\n\t<meta name=\"twitter:data1\" content=\"2 minutes\" \/>\n<script type=\"application\/ld+json\" class=\"yoast-schema-graph\">{\"@context\":\"https:\\\/\\\/schema.org\",\"@graph\":[{\"@type\":\"WebPage\",\"@id\":\"https:\\\/\\\/mediafocus.ch\\\/fr\\\/publication\\\/marche-publicitaire-d-a-ch-2025\\\/\",\"url\":\"https:\\\/\\\/mediafocus.ch\\\/fr\\\/publication\\\/marche-publicitaire-d-a-ch-2025\\\/\",\"name\":\"March\u00e9 publicitaire D-A-CH 2025 - Media Focus\",\"isPartOf\":{\"@id\":\"https:\\\/\\\/mediafocus.ch\\\/fr\\\/#website\"},\"primaryImageOfPage\":{\"@id\":\"https:\\\/\\\/mediafocus.ch\\\/fr\\\/publication\\\/marche-publicitaire-d-a-ch-2025\\\/#primaryimage\"},\"image\":{\"@id\":\"https:\\\/\\\/mediafocus.ch\\\/fr\\\/publication\\\/marche-publicitaire-d-a-ch-2025\\\/#primaryimage\"},\"thumbnailUrl\":\"https:\\\/\\\/werbekompass.ch\\\/wp-content\\\/uploads\\\/2026\\\/02\\\/FR-D-A-CH-Werbetrend-2025-Titelbild-1024x576.jpg\",\"datePublished\":\"2026-03-06T07:11:22+00:00\",\"breadcrumb\":{\"@id\":\"https:\\\/\\\/mediafocus.ch\\\/fr\\\/publication\\\/marche-publicitaire-d-a-ch-2025\\\/#breadcrumb\"},\"inLanguage\":\"fr-FR\",\"potentialAction\":[{\"@type\":\"ReadAction\",\"target\":[\"https:\\\/\\\/mediafocus.ch\\\/fr\\\/publication\\\/marche-publicitaire-d-a-ch-2025\\\/\"]}]},{\"@type\":\"ImageObject\",\"inLanguage\":\"fr-FR\",\"@id\":\"https:\\\/\\\/mediafocus.ch\\\/fr\\\/publication\\\/marche-publicitaire-d-a-ch-2025\\\/#primaryimage\",\"url\":\"https:\\\/\\\/werbekompass.ch\\\/wp-content\\\/uploads\\\/2026\\\/02\\\/FR-D-A-CH-Werbetrend-2025-Titelbild-1024x576.jpg\",\"contentUrl\":\"https:\\\/\\\/werbekompass.ch\\\/wp-content\\\/uploads\\\/2026\\\/02\\\/FR-D-A-CH-Werbetrend-2025-Titelbild-1024x576.jpg\"},{\"@type\":\"BreadcrumbList\",\"@id\":\"https:\\\/\\\/mediafocus.ch\\\/fr\\\/publication\\\/marche-publicitaire-d-a-ch-2025\\\/#breadcrumb\",\"itemListElement\":[{\"@type\":\"ListItem\",\"position\":1,\"name\":\"Home\",\"item\":\"https:\\\/\\\/mediafocus.ch\\\/fr\\\/\"},{\"@type\":\"ListItem\",\"position\":2,\"name\":\"March\u00e9 publicitaire D-A-CH 2025\"}]},{\"@type\":\"WebSite\",\"@id\":\"https:\\\/\\\/mediafocus.ch\\\/fr\\\/#website\",\"url\":\"https:\\\/\\\/mediafocus.ch\\\/fr\\\/\",\"name\":\"Media Focus\",\"description\":\"Data driven insights\",\"publisher\":{\"@id\":\"https:\\\/\\\/mediafocus.ch\\\/fr\\\/#organization\"},\"potentialAction\":[{\"@type\":\"SearchAction\",\"target\":{\"@type\":\"EntryPoint\",\"urlTemplate\":\"https:\\\/\\\/mediafocus.ch\\\/fr\\\/?s={search_term_string}\"},\"query-input\":{\"@type\":\"PropertyValueSpecification\",\"valueRequired\":true,\"valueName\":\"search_term_string\"}}],\"inLanguage\":\"fr-FR\"},{\"@type\":\"Organization\",\"@id\":\"https:\\\/\\\/mediafocus.ch\\\/fr\\\/#organization\",\"name\":\"Media Focus\",\"url\":\"https:\\\/\\\/mediafocus.ch\\\/fr\\\/\",\"logo\":{\"@type\":\"ImageObject\",\"inLanguage\":\"fr-FR\",\"@id\":\"https:\\\/\\\/mediafocus.ch\\\/fr\\\/#\\\/schema\\\/logo\\\/image\\\/\",\"url\":\"https:\\\/\\\/mediafocus.ch\\\/wp-content\\\/uploads\\\/2022\\\/05\\\/media-focus-logo-mit-claim.svg\",\"contentUrl\":\"https:\\\/\\\/mediafocus.ch\\\/wp-content\\\/uploads\\\/2022\\\/05\\\/media-focus-logo-mit-claim.svg\",\"caption\":\"Media Focus\"},\"image\":{\"@id\":\"https:\\\/\\\/mediafocus.ch\\\/fr\\\/#\\\/schema\\\/logo\\\/image\\\/\"}}]}<\/script>\n<!-- \/ Yoast SEO plugin. -->","yoast_head_json":{"title":"March\u00e9 publicitaire D-A-CH 2025 - Media Focus","robots":{"index":"index","follow":"follow","max-snippet":"max-snippet:-1","max-image-preview":"max-image-preview:large","max-video-preview":"max-video-preview:-1"},"canonical":"https:\/\/mediafocus.ch\/fr\/publication\/marche-publicitaire-d-a-ch-2025\/","og_locale":"fr_FR","og_type":"article","og_title":"March\u00e9 publicitaire D-A-CH 2025 - Media Focus","og_description":"06.03.2026March\u00e9 publicitaire D-A-CH 2025 R\u00e9sum\u00e9 \u2013 Tendances du march\u00e9 publicitaire D-A-CH 2025 \u00c9volution des tendances D-A-CH Pour l\u2019ann\u00e9e&nbsp;2025, la pression publicitaire brute dans la r\u00e9gion D-A-CH s\u2019\u00e9l\u00e8ve \u00e0 44.337&nbsp;milliards d\u2019euros, soit 0.4% de moins que pour l\u2019ann\u00e9e pr\u00e9c\u00e9dente. L\u2019Allemagne se maintient au niveau de l\u2019ann\u00e9e pr\u00e9c\u00e9dente. L\u2019Autriche enregistre un recul (-3.2%). La Suisse enregistre \u00e9galement [&hellip;]","og_url":"https:\/\/mediafocus.ch\/fr\/publication\/marche-publicitaire-d-a-ch-2025\/","og_site_name":"Media Focus","og_image":[{"width":455,"height":359,"url":"https:\/\/mediafocus.ch\/wp-content\/uploads\/2024\/10\/DE-Werbemarkttrend-Mai-2024-Mediamix-digital-1-3-2.png","type":"image\/png"}],"twitter_card":"summary_large_image","twitter_misc":{"Dur\u00e9e de lecture estim\u00e9e":"2 minutes"},"schema":{"@context":"https:\/\/schema.org","@graph":[{"@type":"WebPage","@id":"https:\/\/mediafocus.ch\/fr\/publication\/marche-publicitaire-d-a-ch-2025\/","url":"https:\/\/mediafocus.ch\/fr\/publication\/marche-publicitaire-d-a-ch-2025\/","name":"March\u00e9 publicitaire D-A-CH 2025 - Media Focus","isPartOf":{"@id":"https:\/\/mediafocus.ch\/fr\/#website"},"primaryImageOfPage":{"@id":"https:\/\/mediafocus.ch\/fr\/publication\/marche-publicitaire-d-a-ch-2025\/#primaryimage"},"image":{"@id":"https:\/\/mediafocus.ch\/fr\/publication\/marche-publicitaire-d-a-ch-2025\/#primaryimage"},"thumbnailUrl":"https:\/\/werbekompass.ch\/wp-content\/uploads\/2026\/02\/FR-D-A-CH-Werbetrend-2025-Titelbild-1024x576.jpg","datePublished":"2026-03-06T07:11:22+00:00","breadcrumb":{"@id":"https:\/\/mediafocus.ch\/fr\/publication\/marche-publicitaire-d-a-ch-2025\/#breadcrumb"},"inLanguage":"fr-FR","potentialAction":[{"@type":"ReadAction","target":["https:\/\/mediafocus.ch\/fr\/publication\/marche-publicitaire-d-a-ch-2025\/"]}]},{"@type":"ImageObject","inLanguage":"fr-FR","@id":"https:\/\/mediafocus.ch\/fr\/publication\/marche-publicitaire-d-a-ch-2025\/#primaryimage","url":"https:\/\/werbekompass.ch\/wp-content\/uploads\/2026\/02\/FR-D-A-CH-Werbetrend-2025-Titelbild-1024x576.jpg","contentUrl":"https:\/\/werbekompass.ch\/wp-content\/uploads\/2026\/02\/FR-D-A-CH-Werbetrend-2025-Titelbild-1024x576.jpg"},{"@type":"BreadcrumbList","@id":"https:\/\/mediafocus.ch\/fr\/publication\/marche-publicitaire-d-a-ch-2025\/#breadcrumb","itemListElement":[{"@type":"ListItem","position":1,"name":"Home","item":"https:\/\/mediafocus.ch\/fr\/"},{"@type":"ListItem","position":2,"name":"March\u00e9 publicitaire D-A-CH 2025"}]},{"@type":"WebSite","@id":"https:\/\/mediafocus.ch\/fr\/#website","url":"https:\/\/mediafocus.ch\/fr\/","name":"Media Focus","description":"Data driven insights","publisher":{"@id":"https:\/\/mediafocus.ch\/fr\/#organization"},"potentialAction":[{"@type":"SearchAction","target":{"@type":"EntryPoint","urlTemplate":"https:\/\/mediafocus.ch\/fr\/?s={search_term_string}"},"query-input":{"@type":"PropertyValueSpecification","valueRequired":true,"valueName":"search_term_string"}}],"inLanguage":"fr-FR"},{"@type":"Organization","@id":"https:\/\/mediafocus.ch\/fr\/#organization","name":"Media Focus","url":"https:\/\/mediafocus.ch\/fr\/","logo":{"@type":"ImageObject","inLanguage":"fr-FR","@id":"https:\/\/mediafocus.ch\/fr\/#\/schema\/logo\/image\/","url":"https:\/\/mediafocus.ch\/wp-content\/uploads\/2022\/05\/media-focus-logo-mit-claim.svg","contentUrl":"https:\/\/mediafocus.ch\/wp-content\/uploads\/2022\/05\/media-focus-logo-mit-claim.svg","caption":"Media Focus"},"image":{"@id":"https:\/\/mediafocus.ch\/fr\/#\/schema\/logo\/image\/"}}]}},"_links":{"self":[{"href":"https:\/\/mediafocus.ch\/fr\/wp-json\/wp\/v2\/wbk_post_entry\/588145","targetHints":{"allow":["GET"]}}],"collection":[{"href":"https:\/\/mediafocus.ch\/fr\/wp-json\/wp\/v2\/wbk_post_entry"}],"about":[{"href":"https:\/\/mediafocus.ch\/fr\/wp-json\/wp\/v2\/types\/wbk_post_entry"}],"replies":[{"embeddable":true,"href":"https:\/\/mediafocus.ch\/fr\/wp-json\/wp\/v2\/comments?post=588145"}],"version-history":[{"count":0,"href":"https:\/\/mediafocus.ch\/fr\/wp-json\/wp\/v2\/wbk_post_entry\/588145\/revisions"}],"wp:attachment":[{"href":"https:\/\/mediafocus.ch\/fr\/wp-json\/wp\/v2\/media?parent=588145"}],"wp:term":[{"taxonomy":"wbk_post_entry_category","embeddable":true,"href":"https:\/\/mediafocus.ch\/fr\/wp-json\/wp\/v2\/wbk_post_entry_category?post=588145"},{"taxonomy":"wbk_post_entry_tag","embeddable":true,"href":"https:\/\/mediafocus.ch\/fr\/wp-json\/wp\/v2\/wbk_post_entry_tag?post=588145"}],"curies":[{"name":"wp","href":"https:\/\/api.w.org\/{rel}","templated":true}]}}