{"id":588162,"date":"2025-02-11T12:40:49","date_gmt":"2025-02-11T11:40:49","guid":{"rendered":"https:\/\/mediafocus.ch\/publication\/tendances-des-marques-suisse-2024\/"},"modified":"2025-02-11T12:40:49","modified_gmt":"2025-02-11T11:40:49","slug":"tendances-des-marques-suisse-2024","status":"publish","type":"wbk_post_entry","link":"https:\/\/mediafocus.ch\/fr\/publication\/tendances-des-marques-suisse-2024\/","title":{"rendered":"Tendances des marques Suisse 2024"},"content":{"rendered":"<div class=\"wp-block-group wbk-group-post-overhead-title-container-block is-nowrap is-layout-flex wp-block-group-is-layout-flex\"><div class=\"wp-block-post-date\"><time datetime=\"2025-02-11T12:40:49+01:00\" itemprop=\"datePublished\">11.02.2025<\/time><\/div><div class=\"wbk-category-list-block\"><\/div><\/div><h1 class=\"is-style-wbk-left-indentation-with-line wp-block-post-title\">Tendances des marques Suisse 2024<\/h1><p><strong>Media Focus publie le total brut de la visibilit\u00e9 de la publicit\u00e9 et de la communication pour plus de 320 marques ainsi que des \u00ab&nbsp;Battles of the Brands&nbsp;\u00bb passionnants pour 2024.<\/strong><\/p>\n<figure class=\"wp-block-image size-large is-resized\"><img decoding=\"async\" loading=\"lazy\" width=\"1024\" height=\"576\" src=\"https:\/\/werbekompass.ch\/wp-content\/uploads\/2025\/02\/Slide1-1024x576.jpg\" alt=\"\" class=\"wp-image-192687\" style=\"width:1000px;height:auto\" \/><\/figure>\n<\/p>\n<div class=\"wp-block-media-text alignwide is-stacked-on-mobile\" style=\"grid-template-columns:24% auto\">\n<figure class=\"wp-block-media-text__media\"><img decoding=\"async\" loading=\"lazy\" width=\"457\" height=\"300\" src=\"https:\/\/werbekompass.ch\/wp-content\/uploads\/2025\/02\/2024.png\" alt=\"\" class=\"wp-image-192659 size-full\" \/><\/figure>\n<div class=\"wp-block-media-text__content\">\n<p><strong>Visibilit\u00e9 totale de 8.8 milliards : \u2300 27.6 millions par marque<\/strong><\/p>\n<p>La visibilit\u00e9 totale des 320 marques recens\u00e9s s&rsquo;\u00e9levait \u00e0 8.8 milliards de francs bruts en 2024.<\/p>\n<\/div>\n<\/div>\n<div class=\"wp-block-media-text alignwide is-stacked-on-mobile\" style=\"grid-template-columns:25% auto\">\n<figure class=\"wp-block-media-text__media\"><img decoding=\"async\" loading=\"lazy\" width=\"457\" height=\"300\" src=\"https:\/\/werbekompass.ch\/wp-content\/uploads\/2025\/02\/Ratio.png\" alt=\"\" class=\"wp-image-192662 size-full\" \/><\/figure>\n<div class=\"wp-block-media-text__content\">\n<p><strong>Ratio Paid-Earned en faveur des Earned-Media<br \/><\/strong><\/p>\n<p>65% de la visibilit\u00e9 totale revient au earned media, ce qui correspond \u00e0 5.7 milliards de francs. En face, la pression publicitaire brute est de 3.1 milliards de francs (35%).<\/p>\n<\/div>\n<\/div>\n<div class=\"wp-block-media-text alignwide is-stacked-on-mobile\" style=\"grid-template-columns:25% auto\">\n<figure class=\"wp-block-media-text__media\"><img decoding=\"async\" loading=\"lazy\" width=\"457\" height=\"299\" src=\"https:\/\/werbekompass.ch\/wp-content\/uploads\/2025\/02\/Abnahme.png\" alt=\"\" class=\"wp-image-192665 size-full\" \/><\/figure>\n<div class=\"wp-block-media-text__content\">\n<p><strong>Baisse de la visibilit\u00e9 entre S 1 20 24 et S 2 20 24<\/strong><\/p>\n<p>La visibilit\u00e9 globale a diminu\u00e9 \u00e0 la fois par rapport \u00e0 l&rsquo;ann\u00e9e pr\u00e9c\u00e9dente et dans la comparaison semestrielle. De 2023 \u00e0 2024, elle a baiss\u00e9 de -7,97%, et de H1 2024 \u00e0 H2 2024, elle a diminu\u00e9 de -3,04%. Cependant,<br \/>dans la comparaison semestrielle de 2024, il y a eu une augmentation de la pr\u00e9sence Paid de 9,05%, tandis que la pr\u00e9sence Earned a diminu\u00e9 de -9,04%. Le plus grand pourcentage d&rsquo;augmentation de visibilit\u00e9 dans la comparaison semestrielle a \u00e9t\u00e9 observ\u00e9 dans la branche du Tabac (+31%), suivie de la branche des <strong>Fournitures personnelles<\/strong> (+24%). En revanche, la branche des <strong>Institutions financi\u00e8res<\/strong> a enregistr\u00e9 la plus<br \/>forte baisse de visibilit\u00e9 (-17%), suivie de la branche des <strong>Montres &#038; bijoux<\/strong> (-14%).<\/p>\n<\/div>\n<\/div>\n<p>Vous trouverez l\u2019ensemble de l\u2019\u00e9valuation, y compris les passionnantes \u00ab&nbsp;Battles of the Brands&nbsp;\u00bb dans notre Tendance des marques 2024.<\/p>\n<p>T\u00e9l\u00e9charger maintenant !<\/p>\n<div class=\"wp-block-buttons is-layout-flex wp-block-buttons-is-layout-flex\">\n<div class=\"wp-block-button\"><a class=\"wp-block-button__link wp-element-button\" href=\"https:\/\/werbekompass.ch\/wp-content\/uploads\/2025\/02\/FR_Markentrend-2024.pdf\" target=\"_blank\" rel=\"noreferrer noopener\">Tendances des marques Suisse 2024<\/a><\/div>\n<\/div>\n","protected":false},"excerpt":{"rendered":"<p>11.02.2025Tendances des marques Suisse 2024Media Focus publie le total brut de la visibilit\u00e9 de la publicit\u00e9 et de la communication pour plus de 320 marques ainsi que des \u00ab&nbsp;Battles of the Brands&nbsp;\u00bb passionnants pour 2024. Visibilit\u00e9 totale de 8.8 milliards : \u2300 27.6 millions par marque La visibilit\u00e9 totale des 320 marques recens\u00e9s s&rsquo;\u00e9levait \u00e0 [&hellip;]<\/p>\n","protected":false},"author":0,"featured_media":0,"comment_status":"open","ping_status":"closed","template":"","format":"standard","meta":{"_acf_changed":false,"footnotes":""},"wbk_post_entry_category":[125,165],"wbk_post_entry_tag":[],"class_list":["post-588162","wbk_post_entry","type-wbk_post_entry","status-publish","format-standard","hentry","wbk_post_entry_category-tendance-du-marche-publicitaire","wbk_post_entry_category-etudes"],"acf":[],"yoast_head":"<!-- This site is optimized with the Yoast SEO plugin v27.5 - https:\/\/yoast.com\/product\/yoast-seo-wordpress\/ -->\n<title>Tendances des marques Suisse 2024 - Media Focus<\/title>\n<meta name=\"robots\" content=\"index, follow, max-snippet:-1, max-image-preview:large, max-video-preview:-1\" \/>\n<link rel=\"canonical\" href=\"https:\/\/mediafocus.ch\/fr\/publication\/tendances-des-marques-suisse-2024\/\" \/>\n<meta property=\"og:locale\" content=\"fr_FR\" \/>\n<meta property=\"og:type\" content=\"article\" \/>\n<meta property=\"og:title\" content=\"Tendances des marques Suisse 2024 - Media Focus\" \/>\n<meta property=\"og:description\" content=\"11.02.2025Tendances des marques Suisse 2024Media Focus publie le total brut de la visibilit\u00e9 de la publicit\u00e9 et de la communication pour plus de 320 marques ainsi que des \u00ab&nbsp;Battles of the Brands&nbsp;\u00bb passionnants pour 2024. Visibilit\u00e9 totale de 8.8 milliards : \u2300 27.6 millions par marque La visibilit\u00e9 totale des 320 marques recens\u00e9s s&rsquo;\u00e9levait \u00e0 [&hellip;]\" \/>\n<meta property=\"og:url\" content=\"https:\/\/mediafocus.ch\/fr\/publication\/tendances-des-marques-suisse-2024\/\" \/>\n<meta property=\"og:site_name\" content=\"Media Focus\" \/>\n<meta property=\"og:image\" content=\"https:\/\/mediafocus.ch\/wp-content\/uploads\/2024\/10\/QuickGuide-WizzAd_DE-1-1-1-2-1-2-2-2-1-1-1-1-1-2-1-2-4-1-2-2-1-2-4-1-1-2-2-1-1.png\" \/>\n\t<meta property=\"og:image:width\" content=\"1388\" \/>\n\t<meta property=\"og:image:height\" content=\"774\" \/>\n\t<meta property=\"og:image:type\" content=\"image\/png\" \/>\n<meta name=\"twitter:card\" content=\"summary_large_image\" \/>\n<meta name=\"twitter:label1\" content=\"Dur\u00e9e de lecture estim\u00e9e\" \/>\n\t<meta name=\"twitter:data1\" content=\"1 minute\" \/>\n<script type=\"application\/ld+json\" class=\"yoast-schema-graph\">{\"@context\":\"https:\\\/\\\/schema.org\",\"@graph\":[{\"@type\":\"WebPage\",\"@id\":\"https:\\\/\\\/mediafocus.ch\\\/fr\\\/publication\\\/tendances-des-marques-suisse-2024\\\/\",\"url\":\"https:\\\/\\\/mediafocus.ch\\\/fr\\\/publication\\\/tendances-des-marques-suisse-2024\\\/\",\"name\":\"Tendances des marques Suisse 2024 - Media Focus\",\"isPartOf\":{\"@id\":\"https:\\\/\\\/mediafocus.ch\\\/fr\\\/#website\"},\"primaryImageOfPage\":{\"@id\":\"https:\\\/\\\/mediafocus.ch\\\/fr\\\/publication\\\/tendances-des-marques-suisse-2024\\\/#primaryimage\"},\"image\":{\"@id\":\"https:\\\/\\\/mediafocus.ch\\\/fr\\\/publication\\\/tendances-des-marques-suisse-2024\\\/#primaryimage\"},\"thumbnailUrl\":\"https:\\\/\\\/werbekompass.ch\\\/wp-content\\\/uploads\\\/2025\\\/02\\\/Slide1-1024x576.jpg\",\"datePublished\":\"2025-02-11T11:40:49+00:00\",\"breadcrumb\":{\"@id\":\"https:\\\/\\\/mediafocus.ch\\\/fr\\\/publication\\\/tendances-des-marques-suisse-2024\\\/#breadcrumb\"},\"inLanguage\":\"fr-FR\",\"potentialAction\":[{\"@type\":\"ReadAction\",\"target\":[\"https:\\\/\\\/mediafocus.ch\\\/fr\\\/publication\\\/tendances-des-marques-suisse-2024\\\/\"]}]},{\"@type\":\"ImageObject\",\"inLanguage\":\"fr-FR\",\"@id\":\"https:\\\/\\\/mediafocus.ch\\\/fr\\\/publication\\\/tendances-des-marques-suisse-2024\\\/#primaryimage\",\"url\":\"https:\\\/\\\/werbekompass.ch\\\/wp-content\\\/uploads\\\/2025\\\/02\\\/Slide1-1024x576.jpg\",\"contentUrl\":\"https:\\\/\\\/werbekompass.ch\\\/wp-content\\\/uploads\\\/2025\\\/02\\\/Slide1-1024x576.jpg\"},{\"@type\":\"BreadcrumbList\",\"@id\":\"https:\\\/\\\/mediafocus.ch\\\/fr\\\/publication\\\/tendances-des-marques-suisse-2024\\\/#breadcrumb\",\"itemListElement\":[{\"@type\":\"ListItem\",\"position\":1,\"name\":\"Home\",\"item\":\"https:\\\/\\\/mediafocus.ch\\\/fr\\\/\"},{\"@type\":\"ListItem\",\"position\":2,\"name\":\"Tendances des marques Suisse 2024\"}]},{\"@type\":\"WebSite\",\"@id\":\"https:\\\/\\\/mediafocus.ch\\\/fr\\\/#website\",\"url\":\"https:\\\/\\\/mediafocus.ch\\\/fr\\\/\",\"name\":\"Media Focus\",\"description\":\"Data driven insights\",\"publisher\":{\"@id\":\"https:\\\/\\\/mediafocus.ch\\\/fr\\\/#organization\"},\"potentialAction\":[{\"@type\":\"SearchAction\",\"target\":{\"@type\":\"EntryPoint\",\"urlTemplate\":\"https:\\\/\\\/mediafocus.ch\\\/fr\\\/?s={search_term_string}\"},\"query-input\":{\"@type\":\"PropertyValueSpecification\",\"valueRequired\":true,\"valueName\":\"search_term_string\"}}],\"inLanguage\":\"fr-FR\"},{\"@type\":\"Organization\",\"@id\":\"https:\\\/\\\/mediafocus.ch\\\/fr\\\/#organization\",\"name\":\"Media Focus\",\"url\":\"https:\\\/\\\/mediafocus.ch\\\/fr\\\/\",\"logo\":{\"@type\":\"ImageObject\",\"inLanguage\":\"fr-FR\",\"@id\":\"https:\\\/\\\/mediafocus.ch\\\/fr\\\/#\\\/schema\\\/logo\\\/image\\\/\",\"url\":\"https:\\\/\\\/mediafocus.ch\\\/wp-content\\\/uploads\\\/2022\\\/05\\\/media-focus-logo-mit-claim.svg\",\"contentUrl\":\"https:\\\/\\\/mediafocus.ch\\\/wp-content\\\/uploads\\\/2022\\\/05\\\/media-focus-logo-mit-claim.svg\",\"caption\":\"Media Focus\"},\"image\":{\"@id\":\"https:\\\/\\\/mediafocus.ch\\\/fr\\\/#\\\/schema\\\/logo\\\/image\\\/\"}}]}<\/script>\n<!-- \/ Yoast SEO plugin. -->","yoast_head_json":{"title":"Tendances des marques Suisse 2024 - Media Focus","robots":{"index":"index","follow":"follow","max-snippet":"max-snippet:-1","max-image-preview":"max-image-preview:large","max-video-preview":"max-video-preview:-1"},"canonical":"https:\/\/mediafocus.ch\/fr\/publication\/tendances-des-marques-suisse-2024\/","og_locale":"fr_FR","og_type":"article","og_title":"Tendances des marques Suisse 2024 - Media Focus","og_description":"11.02.2025Tendances des marques Suisse 2024Media Focus publie le total brut de la visibilit\u00e9 de la publicit\u00e9 et de la communication pour plus de 320 marques ainsi que des \u00ab&nbsp;Battles of the Brands&nbsp;\u00bb passionnants pour 2024. Visibilit\u00e9 totale de 8.8 milliards : \u2300 27.6 millions par marque La visibilit\u00e9 totale des 320 marques recens\u00e9s s&rsquo;\u00e9levait \u00e0 [&hellip;]","og_url":"https:\/\/mediafocus.ch\/fr\/publication\/tendances-des-marques-suisse-2024\/","og_site_name":"Media Focus","og_image":[{"width":1388,"height":774,"url":"https:\/\/mediafocus.ch\/wp-content\/uploads\/2024\/10\/QuickGuide-WizzAd_DE-1-1-1-2-1-2-2-2-1-1-1-1-1-2-1-2-4-1-2-2-1-2-4-1-1-2-2-1-1.png","type":"image\/png"}],"twitter_card":"summary_large_image","twitter_misc":{"Dur\u00e9e de lecture estim\u00e9e":"1 minute"},"schema":{"@context":"https:\/\/schema.org","@graph":[{"@type":"WebPage","@id":"https:\/\/mediafocus.ch\/fr\/publication\/tendances-des-marques-suisse-2024\/","url":"https:\/\/mediafocus.ch\/fr\/publication\/tendances-des-marques-suisse-2024\/","name":"Tendances des marques Suisse 2024 - Media Focus","isPartOf":{"@id":"https:\/\/mediafocus.ch\/fr\/#website"},"primaryImageOfPage":{"@id":"https:\/\/mediafocus.ch\/fr\/publication\/tendances-des-marques-suisse-2024\/#primaryimage"},"image":{"@id":"https:\/\/mediafocus.ch\/fr\/publication\/tendances-des-marques-suisse-2024\/#primaryimage"},"thumbnailUrl":"https:\/\/werbekompass.ch\/wp-content\/uploads\/2025\/02\/Slide1-1024x576.jpg","datePublished":"2025-02-11T11:40:49+00:00","breadcrumb":{"@id":"https:\/\/mediafocus.ch\/fr\/publication\/tendances-des-marques-suisse-2024\/#breadcrumb"},"inLanguage":"fr-FR","potentialAction":[{"@type":"ReadAction","target":["https:\/\/mediafocus.ch\/fr\/publication\/tendances-des-marques-suisse-2024\/"]}]},{"@type":"ImageObject","inLanguage":"fr-FR","@id":"https:\/\/mediafocus.ch\/fr\/publication\/tendances-des-marques-suisse-2024\/#primaryimage","url":"https:\/\/werbekompass.ch\/wp-content\/uploads\/2025\/02\/Slide1-1024x576.jpg","contentUrl":"https:\/\/werbekompass.ch\/wp-content\/uploads\/2025\/02\/Slide1-1024x576.jpg"},{"@type":"BreadcrumbList","@id":"https:\/\/mediafocus.ch\/fr\/publication\/tendances-des-marques-suisse-2024\/#breadcrumb","itemListElement":[{"@type":"ListItem","position":1,"name":"Home","item":"https:\/\/mediafocus.ch\/fr\/"},{"@type":"ListItem","position":2,"name":"Tendances des marques Suisse 2024"}]},{"@type":"WebSite","@id":"https:\/\/mediafocus.ch\/fr\/#website","url":"https:\/\/mediafocus.ch\/fr\/","name":"Media Focus","description":"Data driven insights","publisher":{"@id":"https:\/\/mediafocus.ch\/fr\/#organization"},"potentialAction":[{"@type":"SearchAction","target":{"@type":"EntryPoint","urlTemplate":"https:\/\/mediafocus.ch\/fr\/?s={search_term_string}"},"query-input":{"@type":"PropertyValueSpecification","valueRequired":true,"valueName":"search_term_string"}}],"inLanguage":"fr-FR"},{"@type":"Organization","@id":"https:\/\/mediafocus.ch\/fr\/#organization","name":"Media Focus","url":"https:\/\/mediafocus.ch\/fr\/","logo":{"@type":"ImageObject","inLanguage":"fr-FR","@id":"https:\/\/mediafocus.ch\/fr\/#\/schema\/logo\/image\/","url":"https:\/\/mediafocus.ch\/wp-content\/uploads\/2022\/05\/media-focus-logo-mit-claim.svg","contentUrl":"https:\/\/mediafocus.ch\/wp-content\/uploads\/2022\/05\/media-focus-logo-mit-claim.svg","caption":"Media Focus"},"image":{"@id":"https:\/\/mediafocus.ch\/fr\/#\/schema\/logo\/image\/"}}]}},"_links":{"self":[{"href":"https:\/\/mediafocus.ch\/fr\/wp-json\/wp\/v2\/wbk_post_entry\/588162","targetHints":{"allow":["GET"]}}],"collection":[{"href":"https:\/\/mediafocus.ch\/fr\/wp-json\/wp\/v2\/wbk_post_entry"}],"about":[{"href":"https:\/\/mediafocus.ch\/fr\/wp-json\/wp\/v2\/types\/wbk_post_entry"}],"replies":[{"embeddable":true,"href":"https:\/\/mediafocus.ch\/fr\/wp-json\/wp\/v2\/comments?post=588162"}],"version-history":[{"count":0,"href":"https:\/\/mediafocus.ch\/fr\/wp-json\/wp\/v2\/wbk_post_entry\/588162\/revisions"}],"wp:attachment":[{"href":"https:\/\/mediafocus.ch\/fr\/wp-json\/wp\/v2\/media?parent=588162"}],"wp:term":[{"taxonomy":"wbk_post_entry_category","embeddable":true,"href":"https:\/\/mediafocus.ch\/fr\/wp-json\/wp\/v2\/wbk_post_entry_category?post=588162"},{"taxonomy":"wbk_post_entry_tag","embeddable":true,"href":"https:\/\/mediafocus.ch\/fr\/wp-json\/wp\/v2\/wbk_post_entry_tag?post=588162"}],"curies":[{"name":"wp","href":"https:\/\/api.w.org\/{rel}","templated":true}]}}